{"id":2836,"date":"2022-08-02T16:20:35","date_gmt":"2022-08-02T14:20:35","guid":{"rendered":"https:\/\/erenouvellemag.com\/?p=2836"},"modified":"2023-03-01T19:50:28","modified_gmt":"2023-03-01T18:50:28","slug":"les-vibrations-du-son-et-leur-impact-sur-la-sante","status":"publish","type":"post","link":"https:\/\/erenouvellemag.com\/index.php\/2022\/08\/02\/les-vibrations-du-son-et-leur-impact-sur-la-sante\/","title":{"rendered":"LES VIBRATIONS  DU SON ET LEUR IMPACT SUR LA SANT\u00c9"},"content":{"rendered":"","protected":true},"excerpt":{"rendered":"","protected":true},"author":1,"featured_media":2893,"comment_status":"open","ping_status":"open","sticky":false,"template":"","format":"standard","meta":{"_jetpack_memberships_contains_paid_content":false,"footnotes":""},"categories":[1],"tags":[],"class_list":["post-2836","post","type-post","status-publish","format-standard","post-password-required","hentry","category-non-classe"],"yoast_head":"<!-- This site is optimized with the Yoast SEO plugin v25.6 - https:\/\/yoast.com\/wordpress\/plugins\/seo\/ -->\n<title>LES VIBRATIONS DU SON ET LEUR IMPACT SUR LA SANT\u00c9 - ere nouvelle magazine<\/title>\n<meta name=\"description\" content=\"Le son a ind\u00e9niablement un impact important sur la Sant\u00e9 biologique du vivant que l\u2019on parle d\u2019humain, d\u2019animal ou de plante.\" \/>\n<meta name=\"robots\" content=\"index, follow, max-snippet:-1, max-image-preview:large, max-video-preview:-1\" \/>\n<link rel=\"canonical\" href=\"https:\/\/erenouvellemag.com\/index.php\/2022\/08\/02\/les-vibrations-du-son-et-leur-impact-sur-la-sante\/\" \/>\n<meta property=\"og:locale\" content=\"fr_FR\" \/>\n<meta property=\"og:type\" content=\"article\" \/>\n<meta property=\"og:title\" content=\"LES VIBRATIONS DU SON ET LEUR IMPACT SUR LA SANT\u00c9 - ere nouvelle magazine\" \/>\n<meta property=\"og:description\" content=\"Le son a ind\u00e9niablement un impact important sur la Sant\u00e9 biologique du vivant que l\u2019on parle d\u2019humain, d\u2019animal ou de plante.\" \/>\n<meta property=\"og:url\" content=\"https:\/\/erenouvellemag.com\/index.php\/2022\/08\/02\/les-vibrations-du-son-et-leur-impact-sur-la-sante\/\" \/>\n<meta property=\"og:site_name\" content=\"ere nouvelle magazine\" \/>\n<meta property=\"article:published_time\" content=\"2022-08-02T14:20:35+00:00\" \/>\n<meta property=\"article:modified_time\" content=\"2023-03-01T18:50:28+00:00\" \/>\n<meta name=\"author\" content=\"\u00c8re Nouvelle\" \/>\n<meta name=\"twitter:card\" content=\"summary_large_image\" \/>\n<meta name=\"twitter:label1\" content=\"\u00c9crit par\" \/>\n\t<meta name=\"twitter:data1\" content=\"\u00c8re Nouvelle\" \/>\n\t<meta name=\"twitter:label2\" content=\"Dur\u00e9e de lecture estim\u00e9e\" \/>\n\t<meta name=\"twitter:data2\" content=\"6 minutes\" \/>\n<script type=\"application\/ld+json\" class=\"yoast-schema-graph\">{\"@context\":\"https:\/\/schema.org\",\"@graph\":[{\"@type\":\"WebPage\",\"@id\":\"https:\/\/erenouvellemag.com\/index.php\/2022\/08\/02\/les-vibrations-du-son-et-leur-impact-sur-la-sante\/\",\"url\":\"https:\/\/erenouvellemag.com\/index.php\/2022\/08\/02\/les-vibrations-du-son-et-leur-impact-sur-la-sante\/\",\"name\":\"LES VIBRATIONS DU SON ET LEUR IMPACT SUR LA SANT\u00c9 - ere nouvelle magazine\",\"isPartOf\":{\"@id\":\"https:\/\/erenouvellemag.com\/#website\"},\"datePublished\":\"2022-08-02T14:20:35+00:00\",\"dateModified\":\"2023-03-01T18:50:28+00:00\",\"breadcrumb\":{\"@id\":\"https:\/\/erenouvellemag.com\/index.php\/2022\/08\/02\/les-vibrations-du-son-et-leur-impact-sur-la-sante\/#breadcrumb\"},\"inLanguage\":\"fr-FR\"},{\"@type\":\"WebSite\",\"@id\":\"https:\/\/erenouvellemag.com\/#website\",\"url\":\"https:\/\/erenouvellemag.com\/\",\"name\":\"ere nouvelle magazine\",\"description\":\"Environnement - Sant\u00e9 - Bien-\u00eatre\",\"publisher\":{\"@id\":\"https:\/\/erenouvellemag.com\/#organization\"},\"potentialAction\":[{\"@type\":\"SearchAction\",\"target\":{\"@type\":\"EntryPoint\",\"urlTemplate\":\"https:\/\/erenouvellemag.com\/?s={search_term_string}\"},\"query-input\":{\"@type\":\"PropertyValueSpecification\",\"valueRequired\":true,\"valueName\":\"search_term_string\"}}],\"inLanguage\":\"fr-FR\"},{\"@type\":\"Organization\",\"@id\":\"https:\/\/erenouvellemag.com\/#organization\",\"name\":\"\u00c8re nouvelle mag\",\"url\":\"https:\/\/erenouvellemag.com\/\",\"logo\":{\"@type\":\"ImageObject\",\"inLanguage\":\"fr-FR\",\"@id\":\"https:\/\/erenouvellemag.com\/#\/schema\/logo\/image\/\",\"url\":\"https:\/\/i0.wp.com\/erenouvellemag.com\/wp-content\/uploads\/2022\/05\/leren-carrecc81-orange-1.png?fit=440%2C375&ssl=1\",\"contentUrl\":\"https:\/\/i0.wp.com\/erenouvellemag.com\/wp-content\/uploads\/2022\/05\/leren-carrecc81-orange-1.png?fit=440%2C375&ssl=1\",\"width\":440,\"height\":375,\"caption\":\"\u00c8re nouvelle mag\"},\"image\":{\"@id\":\"https:\/\/erenouvellemag.com\/#\/schema\/logo\/image\/\"}}]}<\/script>\n<!-- \/ Yoast SEO plugin. -->","yoast_head_json":{"title":"LES VIBRATIONS DU SON ET LEUR IMPACT SUR LA SANT\u00c9 - ere nouvelle magazine","description":"Le son a ind\u00e9niablement un impact important sur la Sant\u00e9 biologique du vivant que l\u2019on parle d\u2019humain, d\u2019animal ou de plante.","robots":{"index":"index","follow":"follow","max-snippet":"max-snippet:-1","max-image-preview":"max-image-preview:large","max-video-preview":"max-video-preview:-1"},"canonical":"https:\/\/erenouvellemag.com\/index.php\/2022\/08\/02\/les-vibrations-du-son-et-leur-impact-sur-la-sante\/","og_locale":"fr_FR","og_type":"article","og_title":"LES VIBRATIONS DU SON ET LEUR IMPACT SUR LA SANT\u00c9 - ere nouvelle magazine","og_description":"Le son a ind\u00e9niablement un impact important sur la Sant\u00e9 biologique du vivant que l\u2019on parle d\u2019humain, d\u2019animal ou de plante.","og_url":"https:\/\/erenouvellemag.com\/index.php\/2022\/08\/02\/les-vibrations-du-son-et-leur-impact-sur-la-sante\/","og_site_name":"ere nouvelle magazine","article_published_time":"2022-08-02T14:20:35+00:00","article_modified_time":"2023-03-01T18:50:28+00:00","author":"\u00c8re Nouvelle","twitter_card":"summary_large_image","twitter_misc":{"\u00c9crit par":"\u00c8re Nouvelle","Dur\u00e9e de lecture estim\u00e9e":"6 minutes"},"schema":{"@context":"https:\/\/schema.org","@graph":[{"@type":"WebPage","@id":"https:\/\/erenouvellemag.com\/index.php\/2022\/08\/02\/les-vibrations-du-son-et-leur-impact-sur-la-sante\/","url":"https:\/\/erenouvellemag.com\/index.php\/2022\/08\/02\/les-vibrations-du-son-et-leur-impact-sur-la-sante\/","name":"LES VIBRATIONS DU SON ET LEUR IMPACT SUR LA SANT\u00c9 - ere nouvelle magazine","isPartOf":{"@id":"https:\/\/erenouvellemag.com\/#website"},"datePublished":"2022-08-02T14:20:35+00:00","dateModified":"2023-03-01T18:50:28+00:00","breadcrumb":{"@id":"https:\/\/erenouvellemag.com\/index.php\/2022\/08\/02\/les-vibrations-du-son-et-leur-impact-sur-la-sante\/#breadcrumb"},"inLanguage":"fr-FR"},{"@type":"WebSite","@id":"https:\/\/erenouvellemag.com\/#website","url":"https:\/\/erenouvellemag.com\/","name":"ere nouvelle magazine","description":"Environnement - Sant\u00e9 - Bien-\u00eatre","publisher":{"@id":"https:\/\/erenouvellemag.com\/#organization"},"potentialAction":[{"@type":"SearchAction","target":{"@type":"EntryPoint","urlTemplate":"https:\/\/erenouvellemag.com\/?s={search_term_string}"},"query-input":{"@type":"PropertyValueSpecification","valueRequired":true,"valueName":"search_term_string"}}],"inLanguage":"fr-FR"},{"@type":"Organization","@id":"https:\/\/erenouvellemag.com\/#organization","name":"\u00c8re nouvelle mag","url":"https:\/\/erenouvellemag.com\/","logo":{"@type":"ImageObject","inLanguage":"fr-FR","@id":"https:\/\/erenouvellemag.com\/#\/schema\/logo\/image\/","url":"https:\/\/i0.wp.com\/erenouvellemag.com\/wp-content\/uploads\/2022\/05\/leren-carrecc81-orange-1.png?fit=440%2C375&ssl=1","contentUrl":"https:\/\/i0.wp.com\/erenouvellemag.com\/wp-content\/uploads\/2022\/05\/leren-carrecc81-orange-1.png?fit=440%2C375&ssl=1","width":440,"height":375,"caption":"\u00c8re nouvelle mag"},"image":{"@id":"https:\/\/erenouvellemag.com\/#\/schema\/logo\/image\/"}}]}},"jetpack_featured_media_url":"https:\/\/i0.wp.com\/erenouvellemag.com\/wp-content\/uploads\/2022\/08\/Violon-1-e1659455912358.jpg?fit=1200%2C804&ssl=1","jetpack-related-posts":[],"jetpack_sharing_enabled":true,"_links":{"self":[{"href":"https:\/\/erenouvellemag.com\/index.php\/wp-json\/wp\/v2\/posts\/2836","targetHints":{"allow":["GET"]}}],"collection":[{"href":"https:\/\/erenouvellemag.com\/index.php\/wp-json\/wp\/v2\/posts"}],"about":[{"href":"https:\/\/erenouvellemag.com\/index.php\/wp-json\/wp\/v2\/types\/post"}],"author":[{"embeddable":true,"href":"https:\/\/erenouvellemag.com\/index.php\/wp-json\/wp\/v2\/users\/1"}],"replies":[{"embeddable":true,"href":"https:\/\/erenouvellemag.com\/index.php\/wp-json\/wp\/v2\/comments?post=2836"}],"version-history":[{"count":18,"href":"https:\/\/erenouvellemag.com\/index.php\/wp-json\/wp\/v2\/posts\/2836\/revisions"}],"predecessor-version":[{"id":4140,"href":"https:\/\/erenouvellemag.com\/index.php\/wp-json\/wp\/v2\/posts\/2836\/revisions\/4140"}],"wp:featuredmedia":[{"embeddable":true,"href":"https:\/\/erenouvellemag.com\/index.php\/wp-json\/wp\/v2\/media\/2893"}],"wp:attachment":[{"href":"https:\/\/erenouvellemag.com\/index.php\/wp-json\/wp\/v2\/media?parent=2836"}],"wp:term":[{"taxonomy":"category","embeddable":true,"href":"https:\/\/erenouvellemag.com\/index.php\/wp-json\/wp\/v2\/categories?post=2836"},{"taxonomy":"post_tag","embeddable":true,"href":"https:\/\/erenouvellemag.com\/index.php\/wp-json\/wp\/v2\/tags?post=2836"}],"curies":[{"name":"wp","href":"https:\/\/api.w.org\/{rel}","templated":true}]}}